{"id":3767,"date":"2023-03-13T16:30:55","date_gmt":"2023-03-13T15:30:55","guid":{"rendered":"https:\/\/www.polar.com\/blog\/fr\/?p=3767"},"modified":"2023-03-17T15:26:29","modified_gmt":"2023-03-17T14:26:29","slug":"karel-sabbe-et-le-marathon-barkley-2023","status":"publish","type":"post","link":"https:\/\/www.polar.com\/blog\/fr\/karel-sabbe-et-le-marathon-barkley-2023\/","title":{"rendered":"Karel Sabbe et le Barkley Marathons  2023"},"content":{"rendered":null,"protected":false},"excerpt":{"rendered":"<p>Karel Sabbe, l&rsquo;un des meilleurs coureurs d&rsquo;ultrafond, \u00e9voque ses d\u00e9fis pour la course Barkley de 161 km \u00e0 travers le Tennessee, USA.<\/p>\n","protected":false},"author":46,"featured_media":3835,"comment_status":"closed","ping_status":"open","sticky":false,"template":"","format":"standard","meta":[],"categories":[133,63],"tags":[134,135],"content-type":[],"acf":[],"_links":{"self":[{"href":"https:\/\/www.polar.com\/blog\/fr\/wp-json\/wp\/v2\/posts\/3767"}],"collection":[{"href":"https:\/\/www.polar.com\/blog\/fr\/wp-json\/wp\/v2\/posts"}],"about":[{"href":"https:\/\/www.polar.com\/blog\/fr\/wp-json\/wp\/v2\/types\/post"}],"author":[{"embeddable":true,"href":"https:\/\/www.polar.com\/blog\/fr\/wp-json\/wp\/v2\/users\/46"}],"replies":[{"embeddable":true,"href":"https:\/\/www.polar.com\/blog\/fr\/wp-json\/wp\/v2\/comments?post=3767"}],"version-history":[{"count":24,"href":"https:\/\/www.polar.com\/blog\/fr\/wp-json\/wp\/v2\/posts\/3767\/revisions"}],"predecessor-version":[{"id":3908,"href":"https:\/\/www.polar.com\/blog\/fr\/wp-json\/wp\/v2\/posts\/3767\/revisions\/3908"}],"wp:featuredmedia":[{"embeddable":true,"href":"https:\/\/www.polar.com\/blog\/fr\/wp-json\/wp\/v2\/media\/3835"}],"wp:attachment":[{"href":"https:\/\/www.polar.com\/blog\/fr\/wp-json\/wp\/v2\/media?parent=3767"}],"wp:term":[{"taxonomy":"category","embeddable":true,"href":"https:\/\/www.polar.com\/blog\/fr\/wp-json\/wp\/v2\/categories?post=3767"},{"taxonomy":"post_tag","embeddable":true,"href":"https:\/\/www.polar.com\/blog\/fr\/wp-json\/wp\/v2\/tags?post=3767"},{"taxonomy":"content-type","embeddable":true,"href":"https:\/\/www.polar.com\/blog\/fr\/wp-json\/wp\/v2\/content-type?post=3767"}],"curies":[{"name":"wp","href":"https:\/\/api.w.org\/{rel}","templated":true}]}}