{"id":1632,"date":"2021-10-21T14:30:12","date_gmt":"2021-10-21T12:30:12","guid":{"rendered":"https:\/\/www.polar.com\/blog\/fr\/?p=1632"},"modified":"2021-10-21T15:00:32","modified_gmt":"2021-10-21T13:00:32","slug":"les-vieux-garcons-sevissent-dans-le-massif-des-aravis","status":"publish","type":"post","link":"https:\/\/www.polar.com\/blog\/fr\/les-vieux-garcons-sevissent-dans-le-massif-des-aravis\/","title":{"rendered":"Les Vieux Gar\u00e7ons sevissent dans le massif des Aravis"},"content":{"rendered":null,"protected":false},"excerpt":{"rendered":"<p>Le Massif des Aravis vous connaissez? C&rsquo;est une chaine de montagne situ\u00e9 \u00e0 l&rsquo;ouest des alpes \u00e0 45min d&rsquo;Annecy, coinc\u00e9e entre la Savoie et la Hautes Savoie sur les communes de La Clusaz et du Grand Bornand. Ce massif est connu pour ses combes et ses arr\u00eates vertigineuses avec une vue imprenable sur le Mont Blanc. Et\u00e9 comme hiver, \u00e0 ski ou en trail ce massif un incroyable terrain de jeu pour les amoureux de l&rsquo;Outdoor. <\/p>\n","protected":false},"author":51,"featured_media":1638,"comment_status":"closed","ping_status":"closed","sticky":false,"template":"","format":"standard","meta":[],"categories":[2],"tags":[],"content-type":[],"acf":[],"_links":{"self":[{"href":"https:\/\/www.polar.com\/blog\/fr\/wp-json\/wp\/v2\/posts\/1632"}],"collection":[{"href":"https:\/\/www.polar.com\/blog\/fr\/wp-json\/wp\/v2\/posts"}],"about":[{"href":"https:\/\/www.polar.com\/blog\/fr\/wp-json\/wp\/v2\/types\/post"}],"author":[{"embeddable":true,"href":"https:\/\/www.polar.com\/blog\/fr\/wp-json\/wp\/v2\/users\/51"}],"replies":[{"embeddable":true,"href":"https:\/\/www.polar.com\/blog\/fr\/wp-json\/wp\/v2\/comments?post=1632"}],"version-history":[{"count":8,"href":"https:\/\/www.polar.com\/blog\/fr\/wp-json\/wp\/v2\/posts\/1632\/revisions"}],"predecessor-version":[{"id":1651,"href":"https:\/\/www.polar.com\/blog\/fr\/wp-json\/wp\/v2\/posts\/1632\/revisions\/1651"}],"wp:featuredmedia":[{"embeddable":true,"href":"https:\/\/www.polar.com\/blog\/fr\/wp-json\/wp\/v2\/media\/1638"}],"wp:attachment":[{"href":"https:\/\/www.polar.com\/blog\/fr\/wp-json\/wp\/v2\/media?parent=1632"}],"wp:term":[{"taxonomy":"category","embeddable":true,"href":"https:\/\/www.polar.com\/blog\/fr\/wp-json\/wp\/v2\/categories?post=1632"},{"taxonomy":"post_tag","embeddable":true,"href":"https:\/\/www.polar.com\/blog\/fr\/wp-json\/wp\/v2\/tags?post=1632"},{"taxonomy":"content-type","embeddable":true,"href":"https:\/\/www.polar.com\/blog\/fr\/wp-json\/wp\/v2\/content-type?post=1632"}],"curies":[{"name":"wp","href":"https:\/\/api.w.org\/{rel}","templated":true}]}}