{"id":2544,"date":"2021-12-27T10:30:00","date_gmt":"2021-12-27T09:30:00","guid":{"rendered":"https:\/\/www.polar.com\/blog\/es\/?p=2544"},"modified":"2022-01-10T15:09:08","modified_gmt":"2022-01-10T14:09:08","slug":"resumen-anual-polar-flow","status":"publish","type":"post","link":"https:\/\/www.polar.com\/blog\/es\/resumen-anual-polar-flow\/","title":{"rendered":"Los martes a las 19h es el momento m\u00e1s popular para salir a correr en Espa\u00f1a"},"content":{"rendered":null,"protected":false},"excerpt":{"rendered":"<p>El resumen anual Polar Flow muestra que los martes es el d\u00eda m\u00e1s popular para salir a correr y que se entrena una media de 2 d\u00edas por semana.<\/p>\n","protected":false},"author":63,"featured_media":2547,"comment_status":"closed","ping_status":"closed","sticky":false,"template":"","format":"standard","meta":[],"categories":[2,3],"tags":[50,49],"content-type":[],"acf":[],"_links":{"self":[{"href":"https:\/\/www.polar.com\/blog\/es\/wp-json\/wp\/v2\/posts\/2544"}],"collection":[{"href":"https:\/\/www.polar.com\/blog\/es\/wp-json\/wp\/v2\/posts"}],"about":[{"href":"https:\/\/www.polar.com\/blog\/es\/wp-json\/wp\/v2\/types\/post"}],"author":[{"embeddable":true,"href":"https:\/\/www.polar.com\/blog\/es\/wp-json\/wp\/v2\/users\/63"}],"replies":[{"embeddable":true,"href":"https:\/\/www.polar.com\/blog\/es\/wp-json\/wp\/v2\/comments?post=2544"}],"version-history":[{"count":8,"href":"https:\/\/www.polar.com\/blog\/es\/wp-json\/wp\/v2\/posts\/2544\/revisions"}],"predecessor-version":[{"id":2588,"href":"https:\/\/www.polar.com\/blog\/es\/wp-json\/wp\/v2\/posts\/2544\/revisions\/2588"}],"wp:featuredmedia":[{"embeddable":true,"href":"https:\/\/www.polar.com\/blog\/es\/wp-json\/wp\/v2\/media\/2547"}],"wp:attachment":[{"href":"https:\/\/www.polar.com\/blog\/es\/wp-json\/wp\/v2\/media?parent=2544"}],"wp:term":[{"taxonomy":"category","embeddable":true,"href":"https:\/\/www.polar.com\/blog\/es\/wp-json\/wp\/v2\/categories?post=2544"},{"taxonomy":"post_tag","embeddable":true,"href":"https:\/\/www.polar.com\/blog\/es\/wp-json\/wp\/v2\/tags?post=2544"},{"taxonomy":"content-type","embeddable":true,"href":"https:\/\/www.polar.com\/blog\/es\/wp-json\/wp\/v2\/content-type?post=2544"}],"curies":[{"name":"wp","href":"https:\/\/api.w.org\/{rel}","templated":true}]}}